{"id":2012,"date":"2016-04-12T15:58:10","date_gmt":"2016-04-12T15:58:10","guid":{"rendered":"http:\/\/aconseguir.com\/es\/?p=2012"},"modified":"2023-05-30T18:06:39","modified_gmt":"2023-05-30T16:06:39","slug":"eduard-gironella-en-xiptv-el-carro-de-la-compra","status":"publish","type":"post","link":"https:\/\/aconseguir.com\/es\/eduard-gironella-en-xiptv-el-carro-de-la-compra\/","title":{"rendered":"Eduard Gironella en XipTV: el carro de la compra"},"content":{"rendered":"<p>Hace unos d\u00edas, Eduard Gironella volv\u00eda a participar en la tertulia del programa Ben Trobats de XipTV (<a href=\"https:\/\/www.xiptv.cat\/ben-trobats\/capitol\/el-carro-de-la-compra\" target=\"_blank\" rel=\"noopener noreferrer\" class=\"broken_link\">link aqu\u00ed<\/a>), esta vez sobre el carro de la compra.<\/p>\n<p>Entre los diversos temas tratados, creemos que vale la pena destacar el hecho de que es muy recomendable aplicar el h\u00e1bito de<strong> hacer listas de la compra a otros \u00e1mbitos m\u00e1s all\u00e1 de la alimentaci\u00f3n<\/strong>. Efectivamente, casi todo el mundo lleva por escrito qu\u00e9 es lo que hay que adquirir antes de entrar en su mercado, s\u00faper o tienda de alimentaci\u00f3n habituales, pero quiz\u00e1s deber\u00edamos pensar en hacer lo mismo antes de irnos de rebajas en las compras de ropa, o, incluso, en el consumo de ocio.<\/p>\n<p>As\u00ed, si antes de ir de rebajas ya sabemos que en el armario nos faltan una pantal\u00f3n y una camiseta, quiz\u00e1 evitaremos comprar un jersey si acabamos de comprobar que de esta prenda ya vamos cubiertos para esta temporada.<!--more--><\/p>\n<p>Del mismo modo, si tenemos la buena costumbre de <strong>hacer un presupuesto<\/strong>, y sabemos que para que los n\u00fameros nos cuadren no deber\u00edamos ir a cenar con la pareja o los amigos m\u00e1s de dos veces al mes, esto no deja de ser una especie de \u00ablista de la compra del ocio\u00bb.<\/p>\n<p>Comentaba la presentadora Clara Tena en un momento del programa que quiz\u00e1s esto nos hace renunciar a peque\u00f1os placeres, y es cierto. Sin embargo, lo que falta es <strong>establecer prioridades<\/strong>, y saber que estos placeres inmediatos nos pueden privar de otros placeres m\u00e1s a largo plazo para los que quiz\u00e1s necesitaremos el dinero que nos hemos gastado en un jersey que no nos hac\u00eda falta o en una cena de restaurante que nos pod\u00edamos haber ahorrado sin ning\u00fan tipo de problema.<\/p>\n<p>Al fin y al cabo, la compra de alimentaci\u00f3n, aunque bastante gente pone una cierta dedicaci\u00f3n para ahorrar en ella, representa s\u00f3lo un 15% de media (unos 4.000 euros anuales) dentro de los 27.000 euros por a\u00f1o de gasto tambi\u00e9n medio de los hogares del pa\u00eds (datos \u00abEncuesta de Presupuestos Familiares INE 2014\u00bb). Y todos necesitamos comer, por lo que hay m\u00ednimos que son poco negociables.<\/p>\n<p>Por el contrario, estos mismos hogares destinan un 9% de sus salidas de dinero a restaurantes, hoteles y bares, un 6% adicional a ocio y espect\u00e1culos, y un 2% a bebidas alcoh\u00f3licas y tabaco. <strong>Estas son partidas donde, si queremos priorizar un cierto nivel de ahorro, las posibilidades de recortar son mucho mayores<\/strong>. En realidad, todas ellas suman un 17% del gasto medio, dos puntos m\u00e1s de lo que se destina a algo tan b\u00e1sico como la comida.<\/p>\n<p>Otro tema muy destacable del programa fue el de las muchas herramientas que las nuevas tecnolog\u00edas ponen a nuestro alcance para poder tomar mejores decisiones en el momento de hacer las compras. Uno de los invitados a la tertulia nos ofrec\u00eda su web (www.elcomprador.cat) para facilitarnos poder tener siempre al alcance las mejores opciones del mercado en el momento de llenar el carro de la compra. Internet nos da muchas <strong>herramientas \u00fatiles en el \u00e1mbito del ahorro y la planificaci\u00f3n financiera<\/strong>.<\/p>\n<p>Durante el tiempo que dur\u00f3, tambi\u00e9n se hizo un repaso a temas interesantes como:<\/p>\n<ul>\n<li>los cambios experimentados en los h\u00e1bitos de los consumidores con respecto a las compras de alimentaci\u00f3n como consecuencia de la crisis o debido a la aparici\u00f3n de las compras on line v\u00eda Internet<\/li>\n<li>el nuevo protagonismo dentro de las grandes cadenas de distribuci\u00f3n de los productos de proximidad<\/li>\n<li>las casi nulas diferencias entre las llamadas marcas blancas y las que se venden bajo el paraguas de nombres que todos conocemos gracias a importantes inversiones en marketing que, al fin y al cabo, acabamos pagando los consumidores<\/li>\n<\/ul>\n<p>Lo m\u00e1s importante es <strong>disponer de informaci\u00f3n que nos aporte conciencia<\/strong> sobre las posibilidades que tenemos, y, a partir de ah\u00ed, tomar decisiones responsables.<\/p>\n<h2>\u00bfQuieres que te echemos una mano?<\/h2>\n","protected":false},"excerpt":{"rendered":"<p>Hace unos d\u00edas, Eduard Gironella volv\u00eda a participar en la tertulia del programa Ben Trobats de XipTV (link aqu\u00ed), esta vez sobre el carro de la compra. Entre los diversos temas tratados, creemos que vale la pena destacar el hecho de que es muy recomendable aplicar el h\u00e1bito de hacer listas de la compra a&hellip;<\/p>\n","protected":false},"author":11,"featured_media":3844,"comment_status":"closed","ping_status":"closed","sticky":false,"template":"","format":"standard","meta":{"_joinchat":[],"footnotes":""},"categories":[38],"tags":[26,19,21,29,22,23,24],"hashtags":[],"yoast_head":"<!-- This site is optimized with the Yoast SEO plugin v24.4 - https:\/\/yoast.com\/wordpress\/plugins\/seo\/ -->\n<title>Eduard Gironella en XipTV: el carro de la compra<\/title>\n<meta name=\"description\" content=\"Hace unos d\u00edas, Eduard Gironella volv\u00eda a participar en la tertulia del programa Ben Trobats de XipTV (link aqu\u00ed), esta vez sobre el carro de la compra.\" \/>\n<meta name=\"robots\" content=\"index, follow, max-snippet:-1, max-image-preview:large, max-video-preview:-1\" \/>\n<link rel=\"canonical\" href=\"https:\/\/aconseguir.com\/es\/eduard-gironella-en-xiptv-el-carro-de-la-compra\/\" \/>\n<meta property=\"og:locale\" content=\"es_ES\" \/>\n<meta property=\"og:type\" content=\"article\" \/>\n<meta property=\"og:title\" content=\"Eduard Gironella en XipTV: el carro de la compra\" \/>\n<meta property=\"og:description\" content=\"Hace unos d\u00edas, Eduard Gironella volv\u00eda a participar en la tertulia del programa Ben Trobats de XipTV (link aqu\u00ed), esta vez sobre el carro de la compra.\" \/>\n<meta property=\"og:url\" content=\"https:\/\/aconseguir.com\/es\/eduard-gironella-en-xiptv-el-carro-de-la-compra\/\" \/>\n<meta property=\"og:site_name\" content=\"aconseguir.com\" \/>\n<meta property=\"article:publisher\" content=\"https:\/\/www.facebook.com\/acOnseguir\/\" \/>\n<meta property=\"article:published_time\" content=\"2016-04-12T15:58:10+00:00\" \/>\n<meta property=\"article:modified_time\" content=\"2023-05-30T16:06:39+00:00\" \/>\n<meta property=\"og:image\" content=\"https:\/\/aconseguir.com\/wp-content\/uploads\/2016\/04\/Eduard-Gironella-i-el-carro-de-la-compra.jpg\" \/>\n\t<meta property=\"og:image:width\" content=\"300\" \/>\n\t<meta property=\"og:image:height\" content=\"169\" \/>\n\t<meta property=\"og:image:type\" content=\"image\/jpeg\" \/>\n<meta name=\"author\" content=\"acOnseguir\" \/>\n<meta name=\"twitter:card\" content=\"summary_large_image\" \/>\n<meta name=\"twitter:creator\" content=\"@aconseguir_cat\" \/>\n<meta name=\"twitter:site\" content=\"@aconseguir_cat\" \/>\n<meta name=\"twitter:label1\" content=\"Escrito por\" \/>\n\t<meta name=\"twitter:data1\" content=\"acOnseguir\" \/>\n\t<meta name=\"twitter:label2\" content=\"Tiempo de lectura\" \/>\n\t<meta name=\"twitter:data2\" content=\"3 minutos\" \/>\n<script type=\"application\/ld+json\" class=\"yoast-schema-graph\">{\"@context\":\"https:\/\/schema.org\",\"@graph\":[{\"@type\":\"Article\",\"@id\":\"https:\/\/aconseguir.com\/es\/eduard-gironella-en-xiptv-el-carro-de-la-compra\/#article\",\"isPartOf\":{\"@id\":\"https:\/\/aconseguir.com\/es\/eduard-gironella-en-xiptv-el-carro-de-la-compra\/\"},\"author\":{\"name\":\"acOnseguir\",\"@id\":\"https:\/\/aconseguir.com\/es\/#\/schema\/person\/4b05d83ac1588d5a069bac6c0a846cda\"},\"headline\":\"Eduard Gironella en XipTV: el carro de la compra\",\"datePublished\":\"2016-04-12T15:58:10+00:00\",\"dateModified\":\"2023-05-30T16:06:39+00:00\",\"mainEntityOfPage\":{\"@id\":\"https:\/\/aconseguir.com\/es\/eduard-gironella-en-xiptv-el-carro-de-la-compra\/\"},\"wordCount\":686,\"publisher\":{\"@id\":\"https:\/\/aconseguir.com\/es\/#organization\"},\"image\":{\"@id\":\"https:\/\/aconseguir.com\/es\/eduard-gironella-en-xiptv-el-carro-de-la-compra\/#primaryimage\"},\"thumbnailUrl\":\"https:\/\/aconseguir.com\/wp-content\/uploads\/2016\/04\/Eduard-Gironella-i-el-carro-de-la-compra.jpg\",\"keywords\":[\"ahorro\",\"asesor financiero\",\"coaching financiero\",\"consciencia @es\",\"decisiones\",\"econom\u00eda dom\u00e9stica @es\",\"finanzas personales\"],\"articleSection\":[\"Blog\"],\"inLanguage\":\"es\"},{\"@type\":\"WebPage\",\"@id\":\"https:\/\/aconseguir.com\/es\/eduard-gironella-en-xiptv-el-carro-de-la-compra\/\",\"url\":\"https:\/\/aconseguir.com\/es\/eduard-gironella-en-xiptv-el-carro-de-la-compra\/\",\"name\":\"Eduard Gironella en XipTV: el carro de la compra\",\"isPartOf\":{\"@id\":\"https:\/\/aconseguir.com\/es\/#website\"},\"primaryImageOfPage\":{\"@id\":\"https:\/\/aconseguir.com\/es\/eduard-gironella-en-xiptv-el-carro-de-la-compra\/#primaryimage\"},\"image\":{\"@id\":\"https:\/\/aconseguir.com\/es\/eduard-gironella-en-xiptv-el-carro-de-la-compra\/#primaryimage\"},\"thumbnailUrl\":\"https:\/\/aconseguir.com\/wp-content\/uploads\/2016\/04\/Eduard-Gironella-i-el-carro-de-la-compra.jpg\",\"datePublished\":\"2016-04-12T15:58:10+00:00\",\"dateModified\":\"2023-05-30T16:06:39+00:00\",\"description\":\"Hace unos d\u00edas, Eduard Gironella volv\u00eda a participar en la tertulia del programa Ben Trobats de XipTV (link aqu\u00ed), esta vez sobre el carro de la compra.\",\"inLanguage\":\"es\",\"potentialAction\":[{\"@type\":\"ReadAction\",\"target\":[\"https:\/\/aconseguir.com\/es\/eduard-gironella-en-xiptv-el-carro-de-la-compra\/\"]}]},{\"@type\":\"ImageObject\",\"inLanguage\":\"es\",\"@id\":\"https:\/\/aconseguir.com\/es\/eduard-gironella-en-xiptv-el-carro-de-la-compra\/#primaryimage\",\"url\":\"https:\/\/aconseguir.com\/wp-content\/uploads\/2016\/04\/Eduard-Gironella-i-el-carro-de-la-compra.jpg\",\"contentUrl\":\"https:\/\/aconseguir.com\/wp-content\/uploads\/2016\/04\/Eduard-Gironella-i-el-carro-de-la-compra.jpg\",\"width\":300,\"height\":169,\"caption\":\"Eduard Gironella i el carro de la compra\"},{\"@type\":\"WebSite\",\"@id\":\"https:\/\/aconseguir.com\/es\/#website\",\"url\":\"https:\/\/aconseguir.com\/es\/\",\"name\":\"aconseguir.com\",\"description\":\"Otro sitio realizado con WordPress\",\"publisher\":{\"@id\":\"https:\/\/aconseguir.com\/es\/#organization\"},\"potentialAction\":[{\"@type\":\"SearchAction\",\"target\":{\"@type\":\"EntryPoint\",\"urlTemplate\":\"https:\/\/aconseguir.com\/es\/?s={search_term_string}\"},\"query-input\":{\"@type\":\"PropertyValueSpecification\",\"valueRequired\":true,\"valueName\":\"search_term_string\"}}],\"inLanguage\":\"es\"},{\"@type\":\"Organization\",\"@id\":\"https:\/\/aconseguir.com\/es\/#organization\",\"name\":\"acOnseguir\",\"url\":\"https:\/\/aconseguir.com\/es\/\",\"logo\":{\"@type\":\"ImageObject\",\"inLanguage\":\"es\",\"@id\":\"https:\/\/aconseguir.com\/es\/#\/schema\/logo\/image\/\",\"url\":\"https:\/\/aconseguir.com\/wp-content\/uploads\/2015\/05\/logo-aconseguir.png\",\"contentUrl\":\"https:\/\/aconseguir.com\/wp-content\/uploads\/2015\/05\/logo-aconseguir.png\",\"width\":260,\"height\":90,\"caption\":\"acOnseguir\"},\"image\":{\"@id\":\"https:\/\/aconseguir.com\/es\/#\/schema\/logo\/image\/\"},\"sameAs\":[\"https:\/\/www.facebook.com\/acOnseguir\/\",\"https:\/\/x.com\/aconseguir_cat\"]},{\"@type\":\"Person\",\"@id\":\"https:\/\/aconseguir.com\/es\/#\/schema\/person\/4b05d83ac1588d5a069bac6c0a846cda\",\"name\":\"acOnseguir\",\"image\":{\"@type\":\"ImageObject\",\"inLanguage\":\"es\",\"@id\":\"https:\/\/aconseguir.com\/es\/#\/schema\/person\/image\/\",\"url\":\"https:\/\/secure.gravatar.com\/avatar\/2abfe5dc7a8cfb433bbd02bd82612063?s=96&d=mm&r=g\",\"contentUrl\":\"https:\/\/secure.gravatar.com\/avatar\/2abfe5dc7a8cfb433bbd02bd82612063?s=96&d=mm&r=g\",\"caption\":\"acOnseguir\"}}]}<\/script>\n<!-- \/ Yoast SEO plugin. -->","yoast_head_json":{"title":"Eduard Gironella en XipTV: el carro de la compra","description":"Hace unos d\u00edas, Eduard Gironella volv\u00eda a participar en la tertulia del programa Ben Trobats de XipTV (link aqu\u00ed), esta vez sobre el carro de la compra.","robots":{"index":"index","follow":"follow","max-snippet":"max-snippet:-1","max-image-preview":"max-image-preview:large","max-video-preview":"max-video-preview:-1"},"canonical":"https:\/\/aconseguir.com\/es\/eduard-gironella-en-xiptv-el-carro-de-la-compra\/","og_locale":"es_ES","og_type":"article","og_title":"Eduard Gironella en XipTV: el carro de la compra","og_description":"Hace unos d\u00edas, Eduard Gironella volv\u00eda a participar en la tertulia del programa Ben Trobats de XipTV (link aqu\u00ed), esta vez sobre el carro de la compra.","og_url":"https:\/\/aconseguir.com\/es\/eduard-gironella-en-xiptv-el-carro-de-la-compra\/","og_site_name":"aconseguir.com","article_publisher":"https:\/\/www.facebook.com\/acOnseguir\/","article_published_time":"2016-04-12T15:58:10+00:00","article_modified_time":"2023-05-30T16:06:39+00:00","og_image":[{"width":300,"height":169,"url":"https:\/\/aconseguir.com\/wp-content\/uploads\/2016\/04\/Eduard-Gironella-i-el-carro-de-la-compra.jpg","type":"image\/jpeg"}],"author":"acOnseguir","twitter_card":"summary_large_image","twitter_creator":"@aconseguir_cat","twitter_site":"@aconseguir_cat","twitter_misc":{"Escrito por":"acOnseguir","Tiempo de lectura":"3 minutos"},"schema":{"@context":"https:\/\/schema.org","@graph":[{"@type":"Article","@id":"https:\/\/aconseguir.com\/es\/eduard-gironella-en-xiptv-el-carro-de-la-compra\/#article","isPartOf":{"@id":"https:\/\/aconseguir.com\/es\/eduard-gironella-en-xiptv-el-carro-de-la-compra\/"},"author":{"name":"acOnseguir","@id":"https:\/\/aconseguir.com\/es\/#\/schema\/person\/4b05d83ac1588d5a069bac6c0a846cda"},"headline":"Eduard Gironella en XipTV: el carro de la compra","datePublished":"2016-04-12T15:58:10+00:00","dateModified":"2023-05-30T16:06:39+00:00","mainEntityOfPage":{"@id":"https:\/\/aconseguir.com\/es\/eduard-gironella-en-xiptv-el-carro-de-la-compra\/"},"wordCount":686,"publisher":{"@id":"https:\/\/aconseguir.com\/es\/#organization"},"image":{"@id":"https:\/\/aconseguir.com\/es\/eduard-gironella-en-xiptv-el-carro-de-la-compra\/#primaryimage"},"thumbnailUrl":"https:\/\/aconseguir.com\/wp-content\/uploads\/2016\/04\/Eduard-Gironella-i-el-carro-de-la-compra.jpg","keywords":["ahorro","asesor financiero","coaching financiero","consciencia @es","decisiones","econom\u00eda dom\u00e9stica @es","finanzas personales"],"articleSection":["Blog"],"inLanguage":"es"},{"@type":"WebPage","@id":"https:\/\/aconseguir.com\/es\/eduard-gironella-en-xiptv-el-carro-de-la-compra\/","url":"https:\/\/aconseguir.com\/es\/eduard-gironella-en-xiptv-el-carro-de-la-compra\/","name":"Eduard Gironella en XipTV: el carro de la compra","isPartOf":{"@id":"https:\/\/aconseguir.com\/es\/#website"},"primaryImageOfPage":{"@id":"https:\/\/aconseguir.com\/es\/eduard-gironella-en-xiptv-el-carro-de-la-compra\/#primaryimage"},"image":{"@id":"https:\/\/aconseguir.com\/es\/eduard-gironella-en-xiptv-el-carro-de-la-compra\/#primaryimage"},"thumbnailUrl":"https:\/\/aconseguir.com\/wp-content\/uploads\/2016\/04\/Eduard-Gironella-i-el-carro-de-la-compra.jpg","datePublished":"2016-04-12T15:58:10+00:00","dateModified":"2023-05-30T16:06:39+00:00","description":"Hace unos d\u00edas, Eduard Gironella volv\u00eda a participar en la tertulia del programa Ben Trobats de XipTV (link aqu\u00ed), esta vez sobre el carro de la compra.","inLanguage":"es","potentialAction":[{"@type":"ReadAction","target":["https:\/\/aconseguir.com\/es\/eduard-gironella-en-xiptv-el-carro-de-la-compra\/"]}]},{"@type":"ImageObject","inLanguage":"es","@id":"https:\/\/aconseguir.com\/es\/eduard-gironella-en-xiptv-el-carro-de-la-compra\/#primaryimage","url":"https:\/\/aconseguir.com\/wp-content\/uploads\/2016\/04\/Eduard-Gironella-i-el-carro-de-la-compra.jpg","contentUrl":"https:\/\/aconseguir.com\/wp-content\/uploads\/2016\/04\/Eduard-Gironella-i-el-carro-de-la-compra.jpg","width":300,"height":169,"caption":"Eduard Gironella i el carro de la compra"},{"@type":"WebSite","@id":"https:\/\/aconseguir.com\/es\/#website","url":"https:\/\/aconseguir.com\/es\/","name":"aconseguir.com","description":"Otro sitio realizado con WordPress","publisher":{"@id":"https:\/\/aconseguir.com\/es\/#organization"},"potentialAction":[{"@type":"SearchAction","target":{"@type":"EntryPoint","urlTemplate":"https:\/\/aconseguir.com\/es\/?s={search_term_string}"},"query-input":{"@type":"PropertyValueSpecification","valueRequired":true,"valueName":"search_term_string"}}],"inLanguage":"es"},{"@type":"Organization","@id":"https:\/\/aconseguir.com\/es\/#organization","name":"acOnseguir","url":"https:\/\/aconseguir.com\/es\/","logo":{"@type":"ImageObject","inLanguage":"es","@id":"https:\/\/aconseguir.com\/es\/#\/schema\/logo\/image\/","url":"https:\/\/aconseguir.com\/wp-content\/uploads\/2015\/05\/logo-aconseguir.png","contentUrl":"https:\/\/aconseguir.com\/wp-content\/uploads\/2015\/05\/logo-aconseguir.png","width":260,"height":90,"caption":"acOnseguir"},"image":{"@id":"https:\/\/aconseguir.com\/es\/#\/schema\/logo\/image\/"},"sameAs":["https:\/\/www.facebook.com\/acOnseguir\/","https:\/\/x.com\/aconseguir_cat"]},{"@type":"Person","@id":"https:\/\/aconseguir.com\/es\/#\/schema\/person\/4b05d83ac1588d5a069bac6c0a846cda","name":"acOnseguir","image":{"@type":"ImageObject","inLanguage":"es","@id":"https:\/\/aconseguir.com\/es\/#\/schema\/person\/image\/","url":"https:\/\/secure.gravatar.com\/avatar\/2abfe5dc7a8cfb433bbd02bd82612063?s=96&d=mm&r=g","contentUrl":"https:\/\/secure.gravatar.com\/avatar\/2abfe5dc7a8cfb433bbd02bd82612063?s=96&d=mm&r=g","caption":"acOnseguir"}}]}},"_links":{"self":[{"href":"https:\/\/aconseguir.com\/es\/wp-json\/wp\/v2\/posts\/2012"}],"collection":[{"href":"https:\/\/aconseguir.com\/es\/wp-json\/wp\/v2\/posts"}],"about":[{"href":"https:\/\/aconseguir.com\/es\/wp-json\/wp\/v2\/types\/post"}],"author":[{"embeddable":true,"href":"https:\/\/aconseguir.com\/es\/wp-json\/wp\/v2\/users\/11"}],"replies":[{"embeddable":true,"href":"https:\/\/aconseguir.com\/es\/wp-json\/wp\/v2\/comments?post=2012"}],"version-history":[{"count":5,"href":"https:\/\/aconseguir.com\/es\/wp-json\/wp\/v2\/posts\/2012\/revisions"}],"predecessor-version":[{"id":5526,"href":"https:\/\/aconseguir.com\/es\/wp-json\/wp\/v2\/posts\/2012\/revisions\/5526"}],"wp:featuredmedia":[{"embeddable":true,"href":"https:\/\/aconseguir.com\/es\/wp-json\/wp\/v2\/media\/3844"}],"wp:attachment":[{"href":"https:\/\/aconseguir.com\/es\/wp-json\/wp\/v2\/media?parent=2012"}],"wp:term":[{"taxonomy":"category","embeddable":true,"href":"https:\/\/aconseguir.com\/es\/wp-json\/wp\/v2\/categories?post=2012"},{"taxonomy":"post_tag","embeddable":true,"href":"https:\/\/aconseguir.com\/es\/wp-json\/wp\/v2\/tags?post=2012"},{"taxonomy":"hashtags","embeddable":true,"href":"https:\/\/aconseguir.com\/es\/wp-json\/wp\/v2\/hashtags?post=2012"}],"curies":[{"name":"wp","href":"https:\/\/api.w.org\/{rel}","templated":true}]}}