{"id":1401,"date":"2015-07-20T12:37:00","date_gmt":"2015-07-20T12:37:00","guid":{"rendered":"http:\/\/aconseguir.com\/?p=1401"},"modified":"2023-05-30T18:10:34","modified_gmt":"2023-05-30T16:10:34","slug":"un-verano-con-conciencia-financiera","status":"publish","type":"post","link":"https:\/\/aconseguir.com\/es\/un-verano-con-conciencia-financiera\/","title":{"rendered":"Un verano con conciencia financiera"},"content":{"rendered":"<p>En general, cuando pensamos en el verano nos vienen a la cabeza im\u00e1genes de playas, paisajes monta\u00f1osos, viajes de aventura o horas de relajada lectura debajo de nuestro \u00e1rbol preferido. En esta entrada del blog proponemos a\u00f1adir a todo ello un verano con <strong>conciencia financiera<\/strong>.<\/p>\n<p>Hay dos momentos a lo largo del a\u00f1o en el que, en general, todos tenemos tendencia a <strong>hacer balance<\/strong> de c\u00f3mo van las cosas, y a hacer <strong>prop\u00f3sitos y planes de futuro<\/strong>.<\/p>\n<p>Uno de ellos es <strong>Navidad y Fin de a\u00f1o<\/strong>. Quien m\u00e1s quien menos aprovecha alguno de las pocos ratos de relax entre comidas y visitas familiares para volver la vista atr\u00e1s, ver qu\u00e9 es mejorable y marcarse peque\u00f1as o grandes metas para los meses siguientes. En cierto modo, esta costumbre <strong>tambi\u00e9n se ha adaptado a nivel empresarial<\/strong>: la mayor\u00eda de sociedades cierran estados contables para analizar qu\u00e9 ha pasado, y las que est\u00e1n mejor gestionadas tambi\u00e9n tendr\u00e1n listos los presupuestos para el ejercicio siguiente. Si \u00e9stos est\u00e1n bien trabajados y se cumplen, lo m\u00e1s probable es que la <strong>empresa tenga beneficios<\/strong> en el futuro y se hagan las inversiones necesarias para que <strong>la continuidad de la actividad est\u00e9 asegurada<\/strong>.<!--more--><\/p>\n<p>Y otro periodo especialmente propicio para detenernos a hacer balance y buenos prop\u00f3sitos es <strong>el verano<\/strong>. La ventaja de esta \u00e9poca del a\u00f1o es que, si bien en Navidad los compromisos de todo tipo acaban por limitar el tiempo que queda disponible, durante las vacaciones de verano en muchas ocasiones <strong>los ratos de relax son mucho m\u00e1s amplios y frecuentes<\/strong>.<\/p>\n<p>Estos d\u00edas os proponemos dedicar un rato de los espacios de ocio a hacer un <strong>peque\u00f1o an\u00e1lisis sobre en qu\u00e9 partidas est\u00e1is dedicando el dinero que gan\u00e1is<\/strong>, y si esto responde a lo que os gusta, a vuestros objetivos, o no. En especial, es muy recomendable que lo hag\u00e1is aquellos que al leer esto hay\u00e1is pensado \u00abqu\u00e9 pereza que da\u00bb, porque es muy probable que los resultados que obteng\u00e1is os aporten una conciencia de la situaci\u00f3n actual imprescindible para dar el siguiente paso: <strong>hacer los cambios necesarios<\/strong> para que vuestros recursos financieros est\u00e9n dedicados a vuestras prioridades, y dejar de dedicarlos a algunas cosas que ya sab\u00e9is que no os aportan casi nada.<\/p>\n<p>No hace falta que os diga que en acOnseguir estamos muy preparados para ayudaros en este camino. Os sorprender\u00e9is de los resultados que se obtienen una vez hacemos un <strong>presupuesto de gastos<\/strong> para los meses siguientes que dedique dinero a lo que realmente es importante para vosotros, y que vay\u00e1is viendo c\u00f3mo, con una buena conciencia financiera, <strong>se van haciendo realidad vuestros objetivos<\/strong>.<\/p>\n<p>Adem\u00e1s, otra gran ventaja de hacerlo durante las vacaciones es que, una vez terminan, volvemos a la vida cotidiana con las <strong>bater\u00edas bien cargadas<\/strong> y con ganas de hacer cosas. Y \u00a1qu\u00e9 mejor que habernos dado cuenta de que podemos mejorar y haber hecho un peque\u00f1o plan de acci\u00f3n para avanzar en la l\u00ednea que queremos!<\/p>\n<h2>\u00a1Pong\u00e1monos manos a la obra!<\/h2>\n","protected":false},"excerpt":{"rendered":"<p>En general, cuando pensamos en el verano nos vienen a la cabeza im\u00e1genes de playas, paisajes monta\u00f1osos, viajes de aventura o horas de relajada lectura debajo de nuestro \u00e1rbol preferido. En esta entrada del blog proponemos a\u00f1adir a todo ello un verano con conciencia financiera. Hay dos momentos a lo largo del a\u00f1o en el&hellip;<\/p>\n","protected":false},"author":11,"featured_media":1945,"comment_status":"closed","ping_status":"closed","sticky":false,"template":"","format":"standard","meta":{"_joinchat":[],"footnotes":""},"categories":[38],"tags":[21,29,22,23,24,35,28,25,30],"hashtags":[],"yoast_head":"<!-- This site is optimized with the Yoast SEO plugin v24.4 - https:\/\/yoast.com\/wordpress\/plugins\/seo\/ -->\n<title>Un verano con conciencia financiera<\/title>\n<meta name=\"description\" content=\"Proponemos en las vacaciones dar un paso para tener un verano con conciencia financiera, y darnos cuenta de si dedicamos el dinero a aquello que queremos.\" \/>\n<meta name=\"robots\" content=\"index, follow, max-snippet:-1, max-image-preview:large, max-video-preview:-1\" \/>\n<link rel=\"canonical\" href=\"https:\/\/aconseguir.com\/es\/un-verano-con-conciencia-financiera\/\" \/>\n<meta property=\"og:locale\" content=\"es_ES\" \/>\n<meta property=\"og:type\" content=\"article\" \/>\n<meta property=\"og:title\" content=\"Un verano con conciencia financiera\" \/>\n<meta property=\"og:description\" content=\"Proponemos en las vacaciones dar un paso para tener un verano con conciencia financiera, y darnos cuenta de si dedicamos el dinero a aquello que queremos.\" \/>\n<meta property=\"og:url\" content=\"https:\/\/aconseguir.com\/es\/un-verano-con-conciencia-financiera\/\" \/>\n<meta property=\"og:site_name\" content=\"aconseguir.com\" \/>\n<meta property=\"article:publisher\" content=\"https:\/\/www.facebook.com\/acOnseguir\/\" \/>\n<meta property=\"article:published_time\" content=\"2015-07-20T12:37:00+00:00\" \/>\n<meta property=\"article:modified_time\" content=\"2023-05-30T16:10:34+00:00\" \/>\n<meta property=\"og:image\" content=\"https:\/\/aconseguir.com\/wp-content\/uploads\/2015\/07\/Consciencia-y-prop\u00f3sitos.jpg\" \/>\n\t<meta property=\"og:image:width\" content=\"1920\" \/>\n\t<meta property=\"og:image:height\" content=\"1440\" \/>\n\t<meta property=\"og:image:type\" content=\"image\/jpeg\" \/>\n<meta name=\"author\" content=\"acOnseguir\" \/>\n<meta name=\"twitter:card\" content=\"summary_large_image\" \/>\n<meta name=\"twitter:creator\" content=\"@aconseguir_cat\" \/>\n<meta name=\"twitter:site\" content=\"@aconseguir_cat\" \/>\n<meta name=\"twitter:label1\" content=\"Escrito por\" \/>\n\t<meta name=\"twitter:data1\" content=\"acOnseguir\" \/>\n\t<meta name=\"twitter:label2\" content=\"Tiempo de lectura\" \/>\n\t<meta name=\"twitter:data2\" content=\"3 minutos\" \/>\n<script type=\"application\/ld+json\" class=\"yoast-schema-graph\">{\"@context\":\"https:\/\/schema.org\",\"@graph\":[{\"@type\":\"Article\",\"@id\":\"https:\/\/aconseguir.com\/es\/un-verano-con-conciencia-financiera\/#article\",\"isPartOf\":{\"@id\":\"https:\/\/aconseguir.com\/es\/un-verano-con-conciencia-financiera\/\"},\"author\":{\"name\":\"acOnseguir\",\"@id\":\"https:\/\/aconseguir.com\/es\/#\/schema\/person\/4b05d83ac1588d5a069bac6c0a846cda\"},\"headline\":\"Un verano con conciencia financiera\",\"datePublished\":\"2015-07-20T12:37:00+00:00\",\"dateModified\":\"2023-05-30T16:10:34+00:00\",\"mainEntityOfPage\":{\"@id\":\"https:\/\/aconseguir.com\/es\/un-verano-con-conciencia-financiera\/\"},\"wordCount\":538,\"publisher\":{\"@id\":\"https:\/\/aconseguir.com\/es\/#organization\"},\"image\":{\"@id\":\"https:\/\/aconseguir.com\/es\/un-verano-con-conciencia-financiera\/#primaryimage\"},\"thumbnailUrl\":\"https:\/\/aconseguir.com\/wp-content\/uploads\/2015\/07\/Consciencia-y-prop\u00f3sitos.jpg\",\"keywords\":[\"coaching financiero\",\"consciencia @es\",\"decisiones\",\"econom\u00eda dom\u00e9stica @es\",\"finanzas personales\",\"ingresos\",\"objetivos\",\"proactividad\",\"responsabilidad\"],\"articleSection\":[\"Blog\"],\"inLanguage\":\"es\"},{\"@type\":\"WebPage\",\"@id\":\"https:\/\/aconseguir.com\/es\/un-verano-con-conciencia-financiera\/\",\"url\":\"https:\/\/aconseguir.com\/es\/un-verano-con-conciencia-financiera\/\",\"name\":\"Un verano con conciencia financiera\",\"isPartOf\":{\"@id\":\"https:\/\/aconseguir.com\/es\/#website\"},\"primaryImageOfPage\":{\"@id\":\"https:\/\/aconseguir.com\/es\/un-verano-con-conciencia-financiera\/#primaryimage\"},\"image\":{\"@id\":\"https:\/\/aconseguir.com\/es\/un-verano-con-conciencia-financiera\/#primaryimage\"},\"thumbnailUrl\":\"https:\/\/aconseguir.com\/wp-content\/uploads\/2015\/07\/Consciencia-y-prop\u00f3sitos.jpg\",\"datePublished\":\"2015-07-20T12:37:00+00:00\",\"dateModified\":\"2023-05-30T16:10:34+00:00\",\"description\":\"Proponemos en las vacaciones dar un paso para tener un verano con conciencia financiera, y darnos cuenta de si dedicamos el dinero a aquello que queremos.\",\"inLanguage\":\"es\",\"potentialAction\":[{\"@type\":\"ReadAction\",\"target\":[\"https:\/\/aconseguir.com\/es\/un-verano-con-conciencia-financiera\/\"]}]},{\"@type\":\"ImageObject\",\"inLanguage\":\"es\",\"@id\":\"https:\/\/aconseguir.com\/es\/un-verano-con-conciencia-financiera\/#primaryimage\",\"url\":\"https:\/\/aconseguir.com\/wp-content\/uploads\/2015\/07\/Consciencia-y-prop\u00f3sitos.jpg\",\"contentUrl\":\"https:\/\/aconseguir.com\/wp-content\/uploads\/2015\/07\/Consciencia-y-prop\u00f3sitos.jpg\",\"width\":1920,\"height\":1440,\"caption\":\"Consciencia y prop\u00f3sitos\"},{\"@type\":\"WebSite\",\"@id\":\"https:\/\/aconseguir.com\/es\/#website\",\"url\":\"https:\/\/aconseguir.com\/es\/\",\"name\":\"aconseguir.com\",\"description\":\"Otro sitio realizado con WordPress\",\"publisher\":{\"@id\":\"https:\/\/aconseguir.com\/es\/#organization\"},\"potentialAction\":[{\"@type\":\"SearchAction\",\"target\":{\"@type\":\"EntryPoint\",\"urlTemplate\":\"https:\/\/aconseguir.com\/es\/?s={search_term_string}\"},\"query-input\":{\"@type\":\"PropertyValueSpecification\",\"valueRequired\":true,\"valueName\":\"search_term_string\"}}],\"inLanguage\":\"es\"},{\"@type\":\"Organization\",\"@id\":\"https:\/\/aconseguir.com\/es\/#organization\",\"name\":\"acOnseguir\",\"url\":\"https:\/\/aconseguir.com\/es\/\",\"logo\":{\"@type\":\"ImageObject\",\"inLanguage\":\"es\",\"@id\":\"https:\/\/aconseguir.com\/es\/#\/schema\/logo\/image\/\",\"url\":\"https:\/\/aconseguir.com\/wp-content\/uploads\/2015\/05\/logo-aconseguir.png\",\"contentUrl\":\"https:\/\/aconseguir.com\/wp-content\/uploads\/2015\/05\/logo-aconseguir.png\",\"width\":260,\"height\":90,\"caption\":\"acOnseguir\"},\"image\":{\"@id\":\"https:\/\/aconseguir.com\/es\/#\/schema\/logo\/image\/\"},\"sameAs\":[\"https:\/\/www.facebook.com\/acOnseguir\/\",\"https:\/\/x.com\/aconseguir_cat\"]},{\"@type\":\"Person\",\"@id\":\"https:\/\/aconseguir.com\/es\/#\/schema\/person\/4b05d83ac1588d5a069bac6c0a846cda\",\"name\":\"acOnseguir\",\"image\":{\"@type\":\"ImageObject\",\"inLanguage\":\"es\",\"@id\":\"https:\/\/aconseguir.com\/es\/#\/schema\/person\/image\/\",\"url\":\"https:\/\/secure.gravatar.com\/avatar\/2abfe5dc7a8cfb433bbd02bd82612063?s=96&d=mm&r=g\",\"contentUrl\":\"https:\/\/secure.gravatar.com\/avatar\/2abfe5dc7a8cfb433bbd02bd82612063?s=96&d=mm&r=g\",\"caption\":\"acOnseguir\"}}]}<\/script>\n<!-- \/ Yoast SEO plugin. -->","yoast_head_json":{"title":"Un verano con conciencia financiera","description":"Proponemos en las vacaciones dar un paso para tener un verano con conciencia financiera, y darnos cuenta de si dedicamos el dinero a aquello que queremos.","robots":{"index":"index","follow":"follow","max-snippet":"max-snippet:-1","max-image-preview":"max-image-preview:large","max-video-preview":"max-video-preview:-1"},"canonical":"https:\/\/aconseguir.com\/es\/un-verano-con-conciencia-financiera\/","og_locale":"es_ES","og_type":"article","og_title":"Un verano con conciencia financiera","og_description":"Proponemos en las vacaciones dar un paso para tener un verano con conciencia financiera, y darnos cuenta de si dedicamos el dinero a aquello que queremos.","og_url":"https:\/\/aconseguir.com\/es\/un-verano-con-conciencia-financiera\/","og_site_name":"aconseguir.com","article_publisher":"https:\/\/www.facebook.com\/acOnseguir\/","article_published_time":"2015-07-20T12:37:00+00:00","article_modified_time":"2023-05-30T16:10:34+00:00","og_image":[{"width":1920,"height":1440,"url":"https:\/\/aconseguir.com\/wp-content\/uploads\/2015\/07\/Consciencia-y-prop\u00f3sitos.jpg","type":"image\/jpeg"}],"author":"acOnseguir","twitter_card":"summary_large_image","twitter_creator":"@aconseguir_cat","twitter_site":"@aconseguir_cat","twitter_misc":{"Escrito por":"acOnseguir","Tiempo de lectura":"3 minutos"},"schema":{"@context":"https:\/\/schema.org","@graph":[{"@type":"Article","@id":"https:\/\/aconseguir.com\/es\/un-verano-con-conciencia-financiera\/#article","isPartOf":{"@id":"https:\/\/aconseguir.com\/es\/un-verano-con-conciencia-financiera\/"},"author":{"name":"acOnseguir","@id":"https:\/\/aconseguir.com\/es\/#\/schema\/person\/4b05d83ac1588d5a069bac6c0a846cda"},"headline":"Un verano con conciencia financiera","datePublished":"2015-07-20T12:37:00+00:00","dateModified":"2023-05-30T16:10:34+00:00","mainEntityOfPage":{"@id":"https:\/\/aconseguir.com\/es\/un-verano-con-conciencia-financiera\/"},"wordCount":538,"publisher":{"@id":"https:\/\/aconseguir.com\/es\/#organization"},"image":{"@id":"https:\/\/aconseguir.com\/es\/un-verano-con-conciencia-financiera\/#primaryimage"},"thumbnailUrl":"https:\/\/aconseguir.com\/wp-content\/uploads\/2015\/07\/Consciencia-y-prop\u00f3sitos.jpg","keywords":["coaching financiero","consciencia @es","decisiones","econom\u00eda dom\u00e9stica @es","finanzas personales","ingresos","objetivos","proactividad","responsabilidad"],"articleSection":["Blog"],"inLanguage":"es"},{"@type":"WebPage","@id":"https:\/\/aconseguir.com\/es\/un-verano-con-conciencia-financiera\/","url":"https:\/\/aconseguir.com\/es\/un-verano-con-conciencia-financiera\/","name":"Un verano con conciencia financiera","isPartOf":{"@id":"https:\/\/aconseguir.com\/es\/#website"},"primaryImageOfPage":{"@id":"https:\/\/aconseguir.com\/es\/un-verano-con-conciencia-financiera\/#primaryimage"},"image":{"@id":"https:\/\/aconseguir.com\/es\/un-verano-con-conciencia-financiera\/#primaryimage"},"thumbnailUrl":"https:\/\/aconseguir.com\/wp-content\/uploads\/2015\/07\/Consciencia-y-prop\u00f3sitos.jpg","datePublished":"2015-07-20T12:37:00+00:00","dateModified":"2023-05-30T16:10:34+00:00","description":"Proponemos en las vacaciones dar un paso para tener un verano con conciencia financiera, y darnos cuenta de si dedicamos el dinero a aquello que queremos.","inLanguage":"es","potentialAction":[{"@type":"ReadAction","target":["https:\/\/aconseguir.com\/es\/un-verano-con-conciencia-financiera\/"]}]},{"@type":"ImageObject","inLanguage":"es","@id":"https:\/\/aconseguir.com\/es\/un-verano-con-conciencia-financiera\/#primaryimage","url":"https:\/\/aconseguir.com\/wp-content\/uploads\/2015\/07\/Consciencia-y-prop\u00f3sitos.jpg","contentUrl":"https:\/\/aconseguir.com\/wp-content\/uploads\/2015\/07\/Consciencia-y-prop\u00f3sitos.jpg","width":1920,"height":1440,"caption":"Consciencia y prop\u00f3sitos"},{"@type":"WebSite","@id":"https:\/\/aconseguir.com\/es\/#website","url":"https:\/\/aconseguir.com\/es\/","name":"aconseguir.com","description":"Otro sitio realizado con WordPress","publisher":{"@id":"https:\/\/aconseguir.com\/es\/#organization"},"potentialAction":[{"@type":"SearchAction","target":{"@type":"EntryPoint","urlTemplate":"https:\/\/aconseguir.com\/es\/?s={search_term_string}"},"query-input":{"@type":"PropertyValueSpecification","valueRequired":true,"valueName":"search_term_string"}}],"inLanguage":"es"},{"@type":"Organization","@id":"https:\/\/aconseguir.com\/es\/#organization","name":"acOnseguir","url":"https:\/\/aconseguir.com\/es\/","logo":{"@type":"ImageObject","inLanguage":"es","@id":"https:\/\/aconseguir.com\/es\/#\/schema\/logo\/image\/","url":"https:\/\/aconseguir.com\/wp-content\/uploads\/2015\/05\/logo-aconseguir.png","contentUrl":"https:\/\/aconseguir.com\/wp-content\/uploads\/2015\/05\/logo-aconseguir.png","width":260,"height":90,"caption":"acOnseguir"},"image":{"@id":"https:\/\/aconseguir.com\/es\/#\/schema\/logo\/image\/"},"sameAs":["https:\/\/www.facebook.com\/acOnseguir\/","https:\/\/x.com\/aconseguir_cat"]},{"@type":"Person","@id":"https:\/\/aconseguir.com\/es\/#\/schema\/person\/4b05d83ac1588d5a069bac6c0a846cda","name":"acOnseguir","image":{"@type":"ImageObject","inLanguage":"es","@id":"https:\/\/aconseguir.com\/es\/#\/schema\/person\/image\/","url":"https:\/\/secure.gravatar.com\/avatar\/2abfe5dc7a8cfb433bbd02bd82612063?s=96&d=mm&r=g","contentUrl":"https:\/\/secure.gravatar.com\/avatar\/2abfe5dc7a8cfb433bbd02bd82612063?s=96&d=mm&r=g","caption":"acOnseguir"}}]}},"_links":{"self":[{"href":"https:\/\/aconseguir.com\/es\/wp-json\/wp\/v2\/posts\/1401"}],"collection":[{"href":"https:\/\/aconseguir.com\/es\/wp-json\/wp\/v2\/posts"}],"about":[{"href":"https:\/\/aconseguir.com\/es\/wp-json\/wp\/v2\/types\/post"}],"author":[{"embeddable":true,"href":"https:\/\/aconseguir.com\/es\/wp-json\/wp\/v2\/users\/11"}],"replies":[{"embeddable":true,"href":"https:\/\/aconseguir.com\/es\/wp-json\/wp\/v2\/comments?post=1401"}],"version-history":[{"count":3,"href":"https:\/\/aconseguir.com\/es\/wp-json\/wp\/v2\/posts\/1401\/revisions"}],"predecessor-version":[{"id":1967,"href":"https:\/\/aconseguir.com\/es\/wp-json\/wp\/v2\/posts\/1401\/revisions\/1967"}],"wp:featuredmedia":[{"embeddable":true,"href":"https:\/\/aconseguir.com\/es\/wp-json\/wp\/v2\/media\/1945"}],"wp:attachment":[{"href":"https:\/\/aconseguir.com\/es\/wp-json\/wp\/v2\/media?parent=1401"}],"wp:term":[{"taxonomy":"category","embeddable":true,"href":"https:\/\/aconseguir.com\/es\/wp-json\/wp\/v2\/categories?post=1401"},{"taxonomy":"post_tag","embeddable":true,"href":"https:\/\/aconseguir.com\/es\/wp-json\/wp\/v2\/tags?post=1401"},{"taxonomy":"hashtags","embeddable":true,"href":"https:\/\/aconseguir.com\/es\/wp-json\/wp\/v2\/hashtags?post=1401"}],"curies":[{"name":"wp","href":"https:\/\/api.w.org\/{rel}","templated":true}]}}